{"id":20651,"date":"2020-03-26T14:06:33","date_gmt":"2020-03-26T14:06:33","guid":{"rendered":"https:\/\/services.jacobi.net\/formaldehyde-removal-from-air\/"},"modified":"2025-06-05T10:30:20","modified_gmt":"2025-06-05T10:30:20","slug":"rimozione-della-formaldeide-dall-aria","status":"publish","type":"post","link":"https:\/\/services.jacobi.net\/it\/rimozione-della-formaldeide-dall-aria\/","title":{"rendered":"Rimozione della formaldeide dall&#8217;aria con carbone attivo."},"content":{"rendered":"\t\t<div data-elementor-type=\"wp-post\" data-elementor-id=\"20651\" class=\"elementor elementor-20651\" data-elementor-post-type=\"post\">\n\t\t\t\t<div class=\"elementor-element elementor-element-682c4df6 e-flex e-con-boxed e-con e-parent\" data-id=\"682c4df6\" data-element_type=\"container\" data-e-type=\"container\">\n\t\t\t\t\t<div class=\"e-con-inner\">\n\t\t\t\t<div class=\"elementor-element elementor-element-188d691a elementor-widget elementor-widget-text-editor\" data-id=\"188d691a\" data-element_type=\"widget\" data-e-type=\"widget\" data-widget_type=\"text-editor.default\">\n\t\t\t\t<div class=\"elementor-widget-container\">\n\t\t\t\t\t\t\t\t\t<p>La formaldeide, nome IUPAC metanale, \u00e8 l\u2019aldeide pi\u00f9 semplice, con formula CH\u2082O. Nella Figura 1 troviamo la rappresentazione della sua struttura. Si presenta in natura ma \u00e8 tossica e altamente volatile.<\/p>\t\t\t\t\t\t\t\t<\/div>\n\t\t\t\t<\/div>\n\t\t\t\t\t<\/div>\n\t\t\t\t<\/div>\n\t\t<div class=\"elementor-element elementor-element-65f9a154 e-flex e-con-boxed e-con e-parent\" data-id=\"65f9a154\" data-element_type=\"container\" data-e-type=\"container\">\n\t\t\t\t\t<div class=\"e-con-inner\">\n\t\t\t\t<div class=\"elementor-element elementor-element-77533058 elementor-widget elementor-widget-image\" data-id=\"77533058\" data-element_type=\"widget\" data-e-type=\"widget\" data-widget_type=\"image.default\">\n\t\t\t\t<div class=\"elementor-widget-container\">\n\t\t\t\t\t\t\t\t\t\t\t\t\t\t\t<img decoding=\"async\" width=\"232\" height=\"211\" src=\"https:\/\/services.jacobi.net\/wp-content\/uploads\/2020\/03\/Structure-of-formaldehyde.jpg\" class=\"attachment-large size-large wp-image-39611\" alt=\"\" \/>\t\t\t\t\t\t\t\t\t\t\t\t\t\t\t<\/div>\n\t\t\t\t<\/div>\n\t\t\t\t\t<\/div>\n\t\t\t\t<\/div>\n\t\t<div class=\"elementor-element elementor-element-11756477 e-flex e-con-boxed e-con e-parent\" data-id=\"11756477\" data-element_type=\"container\" data-e-type=\"container\">\n\t\t\t\t\t<div class=\"e-con-inner\">\n\t\t\t\t<div class=\"elementor-element elementor-element-7eefaf62 elementor-widget elementor-widget-text-editor\" data-id=\"7eefaf62\" data-element_type=\"widget\" data-e-type=\"widget\" data-widget_type=\"text-editor.default\">\n\t\t\t\t<div class=\"elementor-widget-container\">\n\t\t\t\t\t\t\t\t\t<p>Figura 1: Struttura della formaldeide<\/p>\t\t\t\t\t\t\t\t<\/div>\n\t\t\t\t<\/div>\n\t\t\t\t\t<\/div>\n\t\t\t\t<\/div>\n\t\t<div class=\"elementor-element elementor-element-1a54a97d e-flex e-con-boxed e-con e-parent\" data-id=\"1a54a97d\" data-element_type=\"container\" data-e-type=\"container\">\n\t\t\t\t\t<div class=\"e-con-inner\">\n\t\t\t\t<div class=\"elementor-element elementor-element-256c1598 elementor-widget elementor-widget-text-editor\" data-id=\"256c1598\" data-element_type=\"widget\" data-e-type=\"widget\" data-widget_type=\"text-editor.default\">\n\t\t\t\t<div class=\"elementor-widget-container\">\n\t\t\t\t\t\t\t\t\t<p>La rimozione della formaldeide \u00e8 complessa in quanto pu\u00f2 assumere molte forme. La sua forma pi\u00f9 semplice \u00e8 quella gassosa. \u00c8 irritante per la pelle e presenta un odore pungente, anche a concentrazioni inferiori a 1 ppm. La soglia di percezione del suo odore \u00e8 compresa tra 0,5-1,0 ppm. Anche i vapori di formaldeide sono infiammabili ed esplosivi.<\/p><p>La formaldeide presente in natura si trova negli alimenti a livelli molto bassi (soprattutto nella frutta), si pu\u00f2 creare durante la combustione del tabacco (fumo) e viene prodotta anche dal metabolismo umano, dove viene scomposta attraverso la catalisi enzimatica in anidride carbonica e formiato, poi rimossa rispettivamente per espirazione e minzione.<\/p>\t\t\t\t\t\t\t\t<\/div>\n\t\t\t\t<\/div>\n\t\t\t\t\t<\/div>\n\t\t\t\t<\/div>\n\t\t<div class=\"elementor-element elementor-element-79cc1ab6 e-flex e-con-boxed e-con e-parent\" data-id=\"79cc1ab6\" data-element_type=\"container\" data-e-type=\"container\">\n\t\t\t\t\t<div class=\"e-con-inner\">\n\t\t\t\t<div class=\"elementor-element elementor-element-38f126d1 elementor-widget elementor-widget-text-editor\" data-id=\"38f126d1\" data-element_type=\"widget\" data-e-type=\"widget\" data-widget_type=\"text-editor.default\">\n\t\t\t\t<div class=\"elementor-widget-container\">\n\t\t\t\t\t\t\t\t\t<h3>Uso industriale della formaldeide<\/h3><p>Gli usi industriali della formaldeide sono molteplici, in particolare nella sintesi di inchiostri, come legante nelle resine utilizzate pe la fabbricazione di mobili (compensati, pannelli compositi) e arredi (tappeti), come conservante nella sintesi chimica nell\u2019ambito della produzione farmaceutica (vaccini) e nelle industrie chimiche (cosmetici, shampoo, deodoranti e saponi). L\u2019uso pi\u00f9 ampiamente riconosciuto della formaldeide \u00e8 la conservazione di campioni di laboratorio e l\u2019imbalsamazione.<\/p>\t\t\t\t\t\t\t\t<\/div>\n\t\t\t\t<\/div>\n\t\t\t\t\t<\/div>\n\t\t\t\t<\/div>\n\t\t<div class=\"elementor-element elementor-element-1ef52132 e-flex e-con-boxed e-con e-parent\" data-id=\"1ef52132\" data-element_type=\"container\" data-e-type=\"container\">\n\t\t\t\t\t<div class=\"e-con-inner\">\n\t\t\t\t<div class=\"elementor-element elementor-element-7fbb4630 elementor-widget elementor-widget-text-editor\" data-id=\"7fbb4630\" data-element_type=\"widget\" data-e-type=\"widget\" data-widget_type=\"text-editor.default\">\n\t\t\t\t<div class=\"elementor-widget-container\">\n\t\t\t\t\t\t\t\t\t<h3>La formaldeide nell\u2019ambiente e i suoi effetti sulla salute umana<\/h3><p>Le preoccupazioni ambientali sono limitate, in quanto la formaldeide si degrada rapidamente nell\u2019atmosfera attraverso reazioni con altre sostanze o nel suolo grazie ai batteri. I rischi per l\u2019uomo sono elevanti in quanto la formaldeide viene assorbita facilmente dalla pelle e dalle vie respiratorie. Si presume che la Sindrome dell\u2019Edificio Malato sia causata dal processo di degassamento della formaldeide e pu\u00f2 portare a una variet\u00e0 di sintomi come nausea, mal di testa, stanchezza, naso bloccato\/che cola, mancanza di concentrazione, mancanza di respiro, irritazione degli occhi e della gola.<\/p>\t\t\t\t\t\t\t\t<\/div>\n\t\t\t\t<\/div>\n\t\t\t\t\t<\/div>\n\t\t\t\t<\/div>\n\t\t<div class=\"elementor-element elementor-element-536506d8 e-flex e-con-boxed e-con e-parent\" data-id=\"536506d8\" data-element_type=\"container\" data-e-type=\"container\">\n\t\t\t\t\t<div class=\"e-con-inner\">\n\t\t\t\t<div class=\"elementor-element elementor-element-7ab8a5eb elementor-widget elementor-widget-text-editor\" data-id=\"7ab8a5eb\" data-element_type=\"widget\" data-e-type=\"widget\" data-widget_type=\"text-editor.default\">\n\t\t\t\t<div class=\"elementor-widget-container\">\n\t\t\t\t\t\t\t\t\t<h3>Le nostre soluzioni<\/h3><p>Jacobi Group ha sviluppato la gamma AddSorb\u2122 VF1, media adsorbente a base di carbone attivo appositamente progettato per rimuovere in modo efficiente la formaldeide fissandola alla superficie del carbone attivo. La materia prima utilizza nella produzione di Addsorb VF1 \u00e8 la noce di cocco, fonte sostenibile.<\/p><p>Il processo di produzione di questo materiale comporta l\u2019aggiunta accuratamente controllata di una sostanza impregnante altamente reattiva. Questo trattamento assicura l\u2019efficiente rimozione e ritenzione della formaldeide, pur mantenendo un\u2019eccellente capacit\u00e0 di adsorbimento fisico. Il complesso chimico risultante non \u00e8 volatile in condizioni operative standard ed \u00e8 saldamente fissato al carbone attivo. AddSorb\u2122 VF1 viene fornito in formato granulare ed estruso per soddisfare tutte le esigenze relative alle perdita di carico (pressione) e di lavorazione.<\/p><p>Jacobi Group offre inoltre la gamma di filtri mobili EcoFlow\u2122 per l\u2019impiego efficiente di AddSorb\u2122 VF1.<\/p><p>Raccomandiamo di contattare i nostri esperti tecnici per il corretto dimensionamento del sistema di rimozione della formaldeide.<\/p>\t\t\t\t\t\t\t\t<\/div>\n\t\t\t\t<\/div>\n\t\t\t\t\t<\/div>\n\t\t\t\t<\/div>\n\t\t\t\t<\/div>\n\t\t","protected":false},"excerpt":{"rendered":"<p>La formaldeide, nome IUPAC metanale, \u00e8 l\u2019aldeide pi\u00f9 semplice, con formula CH\u2082O. Nella Figura 1 troviamo la rappresentazione della sua struttura. Si presenta in natura ma \u00e8 tossica e altamente volatile. Figura 1: Struttura della formaldeide La rimozione della formaldeide \u00e8 complessa in quanto pu\u00f2 assumere molte forme. La sua forma pi\u00f9 semplice \u00e8 quella&hellip;<\/p>\n","protected":false},"author":32,"featured_media":0,"comment_status":"closed","ping_status":"open","sticky":false,"template":"","format":"standard","meta":{"_acf_changed":false,"footnotes":""},"categories":[3674],"tags":[],"class_list":["post-20651","post","type-post","status-publish","format-standard","hentry","category-trattamento-dellaria"],"acf":[],"yoast_head":"<!-- This site is optimized with the Yoast SEO Premium plugin v27.4 (Yoast SEO v27.4) - https:\/\/yoast.com\/product\/yoast-seo-premium-wordpress\/ -->\n<title>Rimozione della formaldeide dall&#039;aria con carbone attivo. | Jacobi Services<\/title>\n<meta name=\"robots\" content=\"index, follow, max-snippet:-1, max-image-preview:large, max-video-preview:-1\" \/>\n<link rel=\"canonical\" href=\"https:\/\/services.jacobi.net\/it\/rimozione-della-formaldeide-dall-aria\/\" \/>\n<meta property=\"og:locale\" content=\"it_IT\" \/>\n<meta property=\"og:type\" content=\"article\" \/>\n<meta property=\"og:title\" content=\"Rimozione della formaldeide dall&#039;aria con carbone attivo.\" \/>\n<meta property=\"og:description\" content=\"La formaldeide, nome IUPAC metanale, \u00e8 l\u2019aldeide pi\u00f9 semplice, con formula CH\u2082O. Nella Figura 1 troviamo la rappresentazione della sua struttura. Si\" \/>\n<meta property=\"og:url\" content=\"https:\/\/services.jacobi.net\/it\/rimozione-della-formaldeide-dall-aria\/\" \/>\n<meta property=\"og:site_name\" content=\"Jacobi Services\" \/>\n<meta property=\"article:publisher\" content=\"https:\/\/www.facebook.com\/JacobiCarbonsGroup\" \/>\n<meta property=\"article:published_time\" content=\"2020-03-26T14:06:33+00:00\" \/>\n<meta property=\"article:modified_time\" content=\"2025-06-05T10:30:20+00:00\" \/>\n<meta property=\"og:image\" content=\"https:\/\/services.jacobi.net\/wp-content\/uploads\/2020\/03\/Structure-of-formaldehyde.jpg\" \/>\n\t<meta property=\"og:image:width\" content=\"232\" \/>\n\t<meta property=\"og:image:height\" content=\"211\" \/>\n\t<meta property=\"og:image:type\" content=\"image\/jpeg\" \/>\n<meta name=\"author\" content=\"Jacobi Services Team\" \/>\n<meta name=\"twitter:card\" content=\"summary_large_image\" \/>\n<meta name=\"twitter:creator\" content=\"@jacobi_carbons\" \/>\n<meta name=\"twitter:site\" content=\"@jacobi_carbons\" \/>\n<meta name=\"twitter:label1\" content=\"Scritto da\" \/>\n\t<meta name=\"twitter:data1\" content=\"Jacobi Services Team\" \/>\n\t<meta name=\"twitter:label2\" content=\"Tempo di lettura stimato\" \/>\n\t<meta name=\"twitter:data2\" content=\"3 minuti\" \/>\n<script type=\"application\/ld+json\" class=\"yoast-schema-graph\">{\"@context\":\"https:\\\/\\\/schema.org\",\"@graph\":[{\"@type\":\"Article\",\"@id\":\"https:\\\/\\\/services.jacobi.net\\\/it\\\/rimozione-della-formaldeide-dall-aria\\\/#article\",\"isPartOf\":{\"@id\":\"https:\\\/\\\/services.jacobi.net\\\/it\\\/rimozione-della-formaldeide-dall-aria\\\/\"},\"author\":{\"name\":\"Jacobi Services Team\",\"@id\":\"https:\\\/\\\/services.jacobi.net\\\/it\\\/#\\\/schema\\\/person\\\/e2faac3552da3f8746e57820e351c201\"},\"headline\":\"Rimozione della formaldeide dall&#8217;aria con carbone attivo.\",\"datePublished\":\"2020-03-26T14:06:33+00:00\",\"dateModified\":\"2025-06-05T10:30:20+00:00\",\"mainEntityOfPage\":{\"@id\":\"https:\\\/\\\/services.jacobi.net\\\/it\\\/rimozione-della-formaldeide-dall-aria\\\/\"},\"wordCount\":474,\"publisher\":{\"@id\":\"https:\\\/\\\/services.jacobi.net\\\/it\\\/#organization\"},\"image\":{\"@id\":\"https:\\\/\\\/services.jacobi.net\\\/it\\\/rimozione-della-formaldeide-dall-aria\\\/#primaryimage\"},\"thumbnailUrl\":\"https:\\\/\\\/services.jacobi.net\\\/wp-content\\\/uploads\\\/2020\\\/03\\\/Structure-of-formaldehyde.jpg\",\"articleSection\":[\"Trattamento dell'aria\"],\"inLanguage\":\"it-IT\"},{\"@type\":\"WebPage\",\"@id\":\"https:\\\/\\\/services.jacobi.net\\\/it\\\/rimozione-della-formaldeide-dall-aria\\\/\",\"url\":\"https:\\\/\\\/services.jacobi.net\\\/it\\\/rimozione-della-formaldeide-dall-aria\\\/\",\"name\":\"Rimozione della formaldeide dall'aria con carbone attivo. | Jacobi Services\",\"isPartOf\":{\"@id\":\"https:\\\/\\\/services.jacobi.net\\\/it\\\/#website\"},\"primaryImageOfPage\":{\"@id\":\"https:\\\/\\\/services.jacobi.net\\\/it\\\/rimozione-della-formaldeide-dall-aria\\\/#primaryimage\"},\"image\":{\"@id\":\"https:\\\/\\\/services.jacobi.net\\\/it\\\/rimozione-della-formaldeide-dall-aria\\\/#primaryimage\"},\"thumbnailUrl\":\"https:\\\/\\\/services.jacobi.net\\\/wp-content\\\/uploads\\\/2020\\\/03\\\/Structure-of-formaldehyde.jpg\",\"datePublished\":\"2020-03-26T14:06:33+00:00\",\"dateModified\":\"2025-06-05T10:30:20+00:00\",\"breadcrumb\":{\"@id\":\"https:\\\/\\\/services.jacobi.net\\\/it\\\/rimozione-della-formaldeide-dall-aria\\\/#breadcrumb\"},\"inLanguage\":\"it-IT\",\"potentialAction\":[{\"@type\":\"ReadAction\",\"target\":[\"https:\\\/\\\/services.jacobi.net\\\/it\\\/rimozione-della-formaldeide-dall-aria\\\/\"]}]},{\"@type\":\"ImageObject\",\"inLanguage\":\"it-IT\",\"@id\":\"https:\\\/\\\/services.jacobi.net\\\/it\\\/rimozione-della-formaldeide-dall-aria\\\/#primaryimage\",\"url\":\"https:\\\/\\\/services.jacobi.net\\\/wp-content\\\/uploads\\\/2020\\\/03\\\/Structure-of-formaldehyde.jpg\",\"contentUrl\":\"https:\\\/\\\/services.jacobi.net\\\/wp-content\\\/uploads\\\/2020\\\/03\\\/Structure-of-formaldehyde.jpg\"},{\"@type\":\"BreadcrumbList\",\"@id\":\"https:\\\/\\\/services.jacobi.net\\\/it\\\/rimozione-della-formaldeide-dall-aria\\\/#breadcrumb\",\"itemListElement\":[{\"@type\":\"ListItem\",\"position\":1,\"name\":\"Home\",\"item\":\"https:\\\/\\\/services.jacobi.net\\\/it\\\/\"},{\"@type\":\"ListItem\",\"position\":2,\"name\":\"Rimozione della formaldeide dall&#8217;aria con carbone attivo.\"}]},{\"@type\":\"WebSite\",\"@id\":\"https:\\\/\\\/services.jacobi.net\\\/it\\\/#website\",\"url\":\"https:\\\/\\\/services.jacobi.net\\\/it\\\/\",\"name\":\"Jacobi Services\",\"description\":\"Mobile Filter Services\",\"publisher\":{\"@id\":\"https:\\\/\\\/services.jacobi.net\\\/it\\\/#organization\"},\"potentialAction\":[{\"@type\":\"SearchAction\",\"target\":{\"@type\":\"EntryPoint\",\"urlTemplate\":\"https:\\\/\\\/services.jacobi.net\\\/it\\\/?s={search_term_string}\"},\"query-input\":{\"@type\":\"PropertyValueSpecification\",\"valueRequired\":true,\"valueName\":\"search_term_string\"}}],\"inLanguage\":\"it-IT\"},{\"@type\":\"Organization\",\"@id\":\"https:\\\/\\\/services.jacobi.net\\\/it\\\/#organization\",\"name\":\"Jacobi Carbons\",\"url\":\"https:\\\/\\\/services.jacobi.net\\\/it\\\/\",\"logo\":{\"@type\":\"ImageObject\",\"inLanguage\":\"it-IT\",\"@id\":\"https:\\\/\\\/services.jacobi.net\\\/it\\\/#\\\/schema\\\/logo\\\/image\\\/\",\"url\":\"https:\\\/\\\/services.jacobi.net\\\/wp-content\\\/uploads\\\/2017\\\/04\\\/Jacobi-Carbons-PMS165.jpg\",\"contentUrl\":\"https:\\\/\\\/services.jacobi.net\\\/wp-content\\\/uploads\\\/2017\\\/04\\\/Jacobi-Carbons-PMS165.jpg\",\"width\":758,\"height\":422,\"caption\":\"Jacobi Carbons\"},\"image\":{\"@id\":\"https:\\\/\\\/services.jacobi.net\\\/it\\\/#\\\/schema\\\/logo\\\/image\\\/\"},\"sameAs\":[\"https:\\\/\\\/www.facebook.com\\\/JacobiCarbonsGroup\",\"https:\\\/\\\/x.com\\\/jacobi_carbons\",\"https:\\\/\\\/www.linkedin.com\\\/company\\\/jacobi-carbons\\\/\",\"https:\\\/\\\/www.youtube.com\\\/channel\\\/UCLMBd_DgwXBihVLpof8Lixg\",\"https:\\\/\\\/sv.wikipedia.org\\\/wiki\\\/Jacobi_Carbons\"]},{\"@type\":\"Person\",\"@id\":\"https:\\\/\\\/services.jacobi.net\\\/it\\\/#\\\/schema\\\/person\\\/e2faac3552da3f8746e57820e351c201\",\"name\":\"Jacobi Services Team\",\"image\":{\"@type\":\"ImageObject\",\"inLanguage\":\"it-IT\",\"@id\":\"https:\\\/\\\/secure.gravatar.com\\\/avatar\\\/007ab3b547119206328a328bbd51e04822eba5e892bbd48bc88df380bc0be74b?s=96&d=mm&r=g\",\"url\":\"https:\\\/\\\/secure.gravatar.com\\\/avatar\\\/007ab3b547119206328a328bbd51e04822eba5e892bbd48bc88df380bc0be74b?s=96&d=mm&r=g\",\"contentUrl\":\"https:\\\/\\\/secure.gravatar.com\\\/avatar\\\/007ab3b547119206328a328bbd51e04822eba5e892bbd48bc88df380bc0be74b?s=96&d=mm&r=g\",\"caption\":\"Jacobi Services Team\"},\"url\":\"https:\\\/\\\/services.jacobi.net\\\/it\\\/author\\\/jacobiservicesteam\\\/\"}]}<\/script>\n<!-- \/ Yoast SEO Premium plugin. -->","yoast_head_json":{"title":"Rimozione della formaldeide dall'aria con carbone attivo. | Jacobi Services","robots":{"index":"index","follow":"follow","max-snippet":"max-snippet:-1","max-image-preview":"max-image-preview:large","max-video-preview":"max-video-preview:-1"},"canonical":"https:\/\/services.jacobi.net\/it\/rimozione-della-formaldeide-dall-aria\/","og_locale":"it_IT","og_type":"article","og_title":"Rimozione della formaldeide dall'aria con carbone attivo.","og_description":"La formaldeide, nome IUPAC metanale, \u00e8 l\u2019aldeide pi\u00f9 semplice, con formula CH\u2082O. Nella Figura 1 troviamo la rappresentazione della sua struttura. Si","og_url":"https:\/\/services.jacobi.net\/it\/rimozione-della-formaldeide-dall-aria\/","og_site_name":"Jacobi Services","article_publisher":"https:\/\/www.facebook.com\/JacobiCarbonsGroup","article_published_time":"2020-03-26T14:06:33+00:00","article_modified_time":"2025-06-05T10:30:20+00:00","og_image":[{"width":232,"height":211,"url":"https:\/\/services.jacobi.net\/wp-content\/uploads\/2020\/03\/Structure-of-formaldehyde.jpg","type":"image\/jpeg"}],"author":"Jacobi Services Team","twitter_card":"summary_large_image","twitter_creator":"@jacobi_carbons","twitter_site":"@jacobi_carbons","twitter_misc":{"Scritto da":"Jacobi Services Team","Tempo di lettura stimato":"3 minuti"},"schema":{"@context":"https:\/\/schema.org","@graph":[{"@type":"Article","@id":"https:\/\/services.jacobi.net\/it\/rimozione-della-formaldeide-dall-aria\/#article","isPartOf":{"@id":"https:\/\/services.jacobi.net\/it\/rimozione-della-formaldeide-dall-aria\/"},"author":{"name":"Jacobi Services Team","@id":"https:\/\/services.jacobi.net\/it\/#\/schema\/person\/e2faac3552da3f8746e57820e351c201"},"headline":"Rimozione della formaldeide dall&#8217;aria con carbone attivo.","datePublished":"2020-03-26T14:06:33+00:00","dateModified":"2025-06-05T10:30:20+00:00","mainEntityOfPage":{"@id":"https:\/\/services.jacobi.net\/it\/rimozione-della-formaldeide-dall-aria\/"},"wordCount":474,"publisher":{"@id":"https:\/\/services.jacobi.net\/it\/#organization"},"image":{"@id":"https:\/\/services.jacobi.net\/it\/rimozione-della-formaldeide-dall-aria\/#primaryimage"},"thumbnailUrl":"https:\/\/services.jacobi.net\/wp-content\/uploads\/2020\/03\/Structure-of-formaldehyde.jpg","articleSection":["Trattamento dell'aria"],"inLanguage":"it-IT"},{"@type":"WebPage","@id":"https:\/\/services.jacobi.net\/it\/rimozione-della-formaldeide-dall-aria\/","url":"https:\/\/services.jacobi.net\/it\/rimozione-della-formaldeide-dall-aria\/","name":"Rimozione della formaldeide dall'aria con carbone attivo. | Jacobi Services","isPartOf":{"@id":"https:\/\/services.jacobi.net\/it\/#website"},"primaryImageOfPage":{"@id":"https:\/\/services.jacobi.net\/it\/rimozione-della-formaldeide-dall-aria\/#primaryimage"},"image":{"@id":"https:\/\/services.jacobi.net\/it\/rimozione-della-formaldeide-dall-aria\/#primaryimage"},"thumbnailUrl":"https:\/\/services.jacobi.net\/wp-content\/uploads\/2020\/03\/Structure-of-formaldehyde.jpg","datePublished":"2020-03-26T14:06:33+00:00","dateModified":"2025-06-05T10:30:20+00:00","breadcrumb":{"@id":"https:\/\/services.jacobi.net\/it\/rimozione-della-formaldeide-dall-aria\/#breadcrumb"},"inLanguage":"it-IT","potentialAction":[{"@type":"ReadAction","target":["https:\/\/services.jacobi.net\/it\/rimozione-della-formaldeide-dall-aria\/"]}]},{"@type":"ImageObject","inLanguage":"it-IT","@id":"https:\/\/services.jacobi.net\/it\/rimozione-della-formaldeide-dall-aria\/#primaryimage","url":"https:\/\/services.jacobi.net\/wp-content\/uploads\/2020\/03\/Structure-of-formaldehyde.jpg","contentUrl":"https:\/\/services.jacobi.net\/wp-content\/uploads\/2020\/03\/Structure-of-formaldehyde.jpg"},{"@type":"BreadcrumbList","@id":"https:\/\/services.jacobi.net\/it\/rimozione-della-formaldeide-dall-aria\/#breadcrumb","itemListElement":[{"@type":"ListItem","position":1,"name":"Home","item":"https:\/\/services.jacobi.net\/it\/"},{"@type":"ListItem","position":2,"name":"Rimozione della formaldeide dall&#8217;aria con carbone attivo."}]},{"@type":"WebSite","@id":"https:\/\/services.jacobi.net\/it\/#website","url":"https:\/\/services.jacobi.net\/it\/","name":"Jacobi Services","description":"Mobile Filter Services","publisher":{"@id":"https:\/\/services.jacobi.net\/it\/#organization"},"potentialAction":[{"@type":"SearchAction","target":{"@type":"EntryPoint","urlTemplate":"https:\/\/services.jacobi.net\/it\/?s={search_term_string}"},"query-input":{"@type":"PropertyValueSpecification","valueRequired":true,"valueName":"search_term_string"}}],"inLanguage":"it-IT"},{"@type":"Organization","@id":"https:\/\/services.jacobi.net\/it\/#organization","name":"Jacobi Carbons","url":"https:\/\/services.jacobi.net\/it\/","logo":{"@type":"ImageObject","inLanguage":"it-IT","@id":"https:\/\/services.jacobi.net\/it\/#\/schema\/logo\/image\/","url":"https:\/\/services.jacobi.net\/wp-content\/uploads\/2017\/04\/Jacobi-Carbons-PMS165.jpg","contentUrl":"https:\/\/services.jacobi.net\/wp-content\/uploads\/2017\/04\/Jacobi-Carbons-PMS165.jpg","width":758,"height":422,"caption":"Jacobi Carbons"},"image":{"@id":"https:\/\/services.jacobi.net\/it\/#\/schema\/logo\/image\/"},"sameAs":["https:\/\/www.facebook.com\/JacobiCarbonsGroup","https:\/\/x.com\/jacobi_carbons","https:\/\/www.linkedin.com\/company\/jacobi-carbons\/","https:\/\/www.youtube.com\/channel\/UCLMBd_DgwXBihVLpof8Lixg","https:\/\/sv.wikipedia.org\/wiki\/Jacobi_Carbons"]},{"@type":"Person","@id":"https:\/\/services.jacobi.net\/it\/#\/schema\/person\/e2faac3552da3f8746e57820e351c201","name":"Jacobi Services Team","image":{"@type":"ImageObject","inLanguage":"it-IT","@id":"https:\/\/secure.gravatar.com\/avatar\/007ab3b547119206328a328bbd51e04822eba5e892bbd48bc88df380bc0be74b?s=96&d=mm&r=g","url":"https:\/\/secure.gravatar.com\/avatar\/007ab3b547119206328a328bbd51e04822eba5e892bbd48bc88df380bc0be74b?s=96&d=mm&r=g","contentUrl":"https:\/\/secure.gravatar.com\/avatar\/007ab3b547119206328a328bbd51e04822eba5e892bbd48bc88df380bc0be74b?s=96&d=mm&r=g","caption":"Jacobi Services Team"},"url":"https:\/\/services.jacobi.net\/it\/author\/jacobiservicesteam\/"}]}},"_links":{"self":[{"href":"https:\/\/services.jacobi.net\/it\/wp-json\/wp\/v2\/posts\/20651","targetHints":{"allow":["GET"]}}],"collection":[{"href":"https:\/\/services.jacobi.net\/it\/wp-json\/wp\/v2\/posts"}],"about":[{"href":"https:\/\/services.jacobi.net\/it\/wp-json\/wp\/v2\/types\/post"}],"author":[{"embeddable":true,"href":"https:\/\/services.jacobi.net\/it\/wp-json\/wp\/v2\/users\/32"}],"replies":[{"embeddable":true,"href":"https:\/\/services.jacobi.net\/it\/wp-json\/wp\/v2\/comments?post=20651"}],"version-history":[{"count":0,"href":"https:\/\/services.jacobi.net\/it\/wp-json\/wp\/v2\/posts\/20651\/revisions"}],"wp:attachment":[{"href":"https:\/\/services.jacobi.net\/it\/wp-json\/wp\/v2\/media?parent=20651"}],"wp:term":[{"taxonomy":"category","embeddable":true,"href":"https:\/\/services.jacobi.net\/it\/wp-json\/wp\/v2\/categories?post=20651"},{"taxonomy":"post_tag","embeddable":true,"href":"https:\/\/services.jacobi.net\/it\/wp-json\/wp\/v2\/tags?post=20651"}],"curies":[{"name":"wp","href":"https:\/\/api.w.org\/{rel}","templated":true}]}}